{"id":1117,"date":"2026-02-02T08:41:27","date_gmt":"2026-02-02T08:41:27","guid":{"rendered":"https:\/\/tsv-ehningen-ringen.de\/?p=1117"},"modified":"2026-02-02T08:41:27","modified_gmt":"2026-02-02T08:41:27","slug":"ereignisreicher-start-ins-ringerjahr","status":"publish","type":"post","link":"https:\/\/tsv-ehningen-ringen.de\/index.php\/2026\/02\/02\/ereignisreicher-start-ins-ringerjahr\/","title":{"rendered":"Ereignisreicher Start ins Ringerjahr"},"content":{"rendered":"\n<p>Im Ringerjahr folgen auf das Ende der Mannschafts- und Jugendrunde vor Weihnachten die Einzelmeisterschaften im neuen Jahr. Entsprechend aktiv waren die Ehninger Ringer in den vergangenen Wochen auf verschiedenen Turnieren vertreten. Der sportliche Leiter Fabian Bendl dazu: \u201eWir wollen vor allem unseren j\u00fcngeren und unerfahreneren Sportler die Chance geben, sich auszuprobieren und weiterzuentwickeln. Daf\u00fcr sind die Turniere sehr wichtig, da in der Mannschaftssaison oft nicht f\u00fcr jeden Sportler Platz in der Aufstellung ist.\u201c<br>Bereits in der Vorwoche gingen bei den offenen Nordbadischen Meisterschaften im griechisch-r\u00f6mischen Stil insgesamt neun Athleten des TSV Ehningen an den Start. Dabei konnten sich die Ringer mit starken Leistungen pr\u00e4sentieren: Dank Ajmal Moradi und Enes Saran stand am Ende eine Silbermedaille sowie eine zu Buche. Dar\u00fcber hinaus erreichten drei weitere Sportler einen Platz unter den besten f\u00fcnf in ihren Gewichtsklassen.<br>Am vergangenen Samstag waren acht Ehninger Ringer bei den Nordbadischen Meisterschaften im Freistil in Nieder-Liebersbach im Einsatz. Auch hier zeigte das Team solide Leistungen. Zwei Athleten, Berkan Tas und wiederum Ajmal Moradi, konnten sich eine Top-5-Platzierung erk\u00e4mpfen und wichtige Wettkampferfahrung sammeln.<br>Besonders erfreulich ist zudem der Erfolg im Nachwuchsbereich: Zum einen trat Luca G\u00f6rlich bei den W\u00fcrttembergischen Meisterschaften im Freistil in Backnang an und sicherte sich in der Altersklasse U14 einen starken dritten Platz. Zum anderen ging zuvor schon eine gro\u00dfe Abordnung bei den Bezirksmeisterschaften in W\u00fcstenrot auf die Matte. Hier konnten Mark Bauer-Engels mit einem ersten, Luca G\u00f6hrlich einen zweiten und Oscar Kruse mit einem dritten Platz den Medaillensatz vervollst\u00e4ndigen. Die weiteren Ergebnisse: Levin Reu\u00dfer 4., Alpay Bogazk\u00f6y 7., Jan Alexander Klein 5., Teoman Yalimli 4., Lucas Sprinceana 4.,<br>Jugendleiter Kai R\u00f6sch zeigte sich zufrieden: \u201eEs ist sch\u00f6n zu sehen, dass sich unsere Arbeit auszahlt und wir wieder mit einer so gro\u00dfen Truppe auf Meisterschaften fahren k\u00f6nnen. Besonders freut mich nach einer kleinen Durststrecke wieder die erste Medaille auf W\u00fcrttembergischen Meisterschaften f\u00fcr den TSV.\u201c<\/p>\n\n\n\n<p><\/p>\n","protected":false},"excerpt":{"rendered":"<p>Im Ringerjahr folgen auf das Ende der Mannschafts- und Jugendrunde vor Weihnachten die Einzelmeisterschaften im neuen Jahr. Entsprechend aktiv waren die Ehninger Ringer in den vergangenen Wochen auf verschiedenen Turnieren vertreten. Der sportliche Leiter Fabian Bendl dazu: \u201eWir wollen vor allem unseren j\u00fcngeren und unerfahreneren Sportler die Chance geben, sich auszuprobieren und weiterzuentwickeln. Daf\u00fcr sind &hellip; <\/p>\n<p class=\"link-more\"><a href=\"https:\/\/tsv-ehningen-ringen.de\/index.php\/2026\/02\/02\/ereignisreicher-start-ins-ringerjahr\/\" class=\"more-link\"><span class=\"screen-reader-text\">\u201eEreignisreicher Start ins Ringerjahr\u201c<\/span> weiterlesen<\/a><\/p>\n","protected":false},"author":1,"featured_media":0,"comment_status":"closed","ping_status":"closed","sticky":false,"template":"","format":"standard","meta":{"footnotes":""},"categories":[1],"tags":[],"class_list":["post-1117","post","type-post","status-publish","format-standard","hentry","category-uncategorized"],"_links":{"self":[{"href":"https:\/\/tsv-ehningen-ringen.de\/index.php\/wp-json\/wp\/v2\/posts\/1117","targetHints":{"allow":["GET"]}}],"collection":[{"href":"https:\/\/tsv-ehningen-ringen.de\/index.php\/wp-json\/wp\/v2\/posts"}],"about":[{"href":"https:\/\/tsv-ehningen-ringen.de\/index.php\/wp-json\/wp\/v2\/types\/post"}],"author":[{"embeddable":true,"href":"https:\/\/tsv-ehningen-ringen.de\/index.php\/wp-json\/wp\/v2\/users\/1"}],"replies":[{"embeddable":true,"href":"https:\/\/tsv-ehningen-ringen.de\/index.php\/wp-json\/wp\/v2\/comments?post=1117"}],"version-history":[{"count":1,"href":"https:\/\/tsv-ehningen-ringen.de\/index.php\/wp-json\/wp\/v2\/posts\/1117\/revisions"}],"predecessor-version":[{"id":1118,"href":"https:\/\/tsv-ehningen-ringen.de\/index.php\/wp-json\/wp\/v2\/posts\/1117\/revisions\/1118"}],"wp:attachment":[{"href":"https:\/\/tsv-ehningen-ringen.de\/index.php\/wp-json\/wp\/v2\/media?parent=1117"}],"wp:term":[{"taxonomy":"category","embeddable":true,"href":"https:\/\/tsv-ehningen-ringen.de\/index.php\/wp-json\/wp\/v2\/categories?post=1117"},{"taxonomy":"post_tag","embeddable":true,"href":"https:\/\/tsv-ehningen-ringen.de\/index.php\/wp-json\/wp\/v2\/tags?post=1117"}],"curies":[{"name":"wp","href":"https:\/\/api.w.org\/{rel}","templated":true}]}}