{"id":1192,"date":"2026-09-04T13:42:30","date_gmt":"2026-09-04T13:42:30","guid":{"rendered":"https:\/\/tsv-ehningen-ringen.de\/?p=1192"},"modified":"2026-09-04T13:42:30","modified_gmt":"2026-09-04T13:42:30","slug":"startschuss-zur-neuen-runde-ehninger-ringer-starten-gegen-den-ab-aichhalden-in-die-oberligasaison","status":"publish","type":"post","link":"https:\/\/tsv-ehningen-ringen.de\/index.php\/2026\/09\/04\/startschuss-zur-neuen-runde-ehninger-ringer-starten-gegen-den-ab-aichhalden-in-die-oberligasaison\/","title":{"rendered":"Startschuss zur neuen\u00a0Runde: Ehninger Ringer\u00a0starten gegen\u00a0den\u00a0AB Aichhalden\u00a0in die\u00a0Oberligasaison"},"content":{"rendered":"\n<p class=\"wp-block-paragraph\"><strong>Vor dem Saisonauftakt&nbsp;<\/strong><strong>in der Oberl<\/strong><strong>iga W\u00fcrttemberg konnten wir mit dem Sportlichen Leiter&nbsp;<\/strong><strong>der Ringer des TSV Ehningen<\/strong><strong>&nbsp;<\/strong><strong>Fabian Bendl<\/strong><strong>&nbsp;<\/strong><strong>\u00fcber<\/strong><strong>&nbsp;seine Einsch\u00e4tzungen und Erwartungen&nbsp;<\/strong><strong>sprechen<\/strong><strong>.&nbsp;<\/strong><strong>Am Samstag um&nbsp;<\/strong><strong>20<\/strong><strong>&nbsp;<\/strong><strong>Uhr treffen sie ausw\u00e4rts auf den AB Aichhalden<\/strong><strong>.<\/strong><strong><\/strong><\/p>\n\n\n\n<p class=\"wp-block-paragraph\"><em>Das Interview f\u00fchrte Henri Schimmer.<\/em><\/p>\n\n\n\n<p class=\"wp-block-paragraph\"><strong>Fabian<\/strong><strong>&nbsp;Bendl<\/strong><strong>,&nbsp;<\/strong><strong>im letzten Kampf der vergangenen Saison konnte der TSV Herbrechtingen<\/strong><strong>, der zu diesem Zeitpunkt schon als Aufsteiger feststand,&nbsp;<\/strong><strong>in einem denkw\u00fcrdigen Sa<\/strong><strong>isonfinale besiegt werden. Konnten Sie diesen Schwung mit in&nbsp;<\/strong><strong>die neue Saison nehmen?<\/strong><\/p>\n\n\n\n<p class=\"wp-block-paragraph\">Ja, das&nbsp;war wirklich ein gelungener&nbsp;Rundenabschluss!&nbsp;DieseKampfabende sind f\u00fcr uns Ringer genauso&nbsp;wie f\u00fcr unsere Zuschauer&nbsp;ein absolutes Highlight, die Schalkwiesenhalle hat&nbsp;gekocht.&nbsp;In den vielen Trainingseinheiten der&nbsp;Vorbereitung&nbsp;war das immer wieder ein Ansporn.<\/p>\n\n\n\n<p class=\"wp-block-paragraph\"><strong>Wie sah diese Vorbereitung<\/strong><strong>&nbsp;aus?<\/strong><\/p>\n\n\n\n<p class=\"wp-block-paragraph\">Wir haben den&nbsp;Juli und August&nbsp;daf\u00fcr intensiv genutzt. Zun\u00e4chst hat unser Trainerteam&nbsp;den Schwerpunkt auf die&nbsp;physischen Grundlagen gelegt. Sp\u00e4ter&nbsp;hat sich dieser dann mehr auf das&nbsp;Ringerische verschoben. Wir hatten zwei Trainingslager in unserer heimischen&nbsp;Trainingshalle, bevor wir f\u00fcr&nbsp;das dritte&nbsp;und wahrscheinlich intensivste&nbsp;ein Wochenende&nbsp;im \u00f6sterreichischen&nbsp;G\u00f6tzis&nbsp;verbracht haben.&nbsp;Diehervorragenden Trainingsbedingungen dort&nbsp;haben wir f\u00fcr den letzten Feinschliff&nbsp;und&nbsp;ein wenig Teambuilding genutzt.&nbsp;Hinzu kommen&nbsp;die drei regul\u00e4ren Trainingseinheiten unter der Woche.&nbsp;Zum Abschluss&nbsp;hatten wir am vergangenen Samstag unsere Freunde vom ASV Nendingen zu Gast.&nbsp;Gemeinsam mit ihnen haben wir Trainingsk\u00e4mpfe unterWettkampfbedingungen durchgef\u00fchrt.&nbsp;Unterm Strich&nbsp;sind unsere Jungs also top vorbereitet f\u00fcr die&nbsp;Runde.<\/p>\n\n\n\n<p class=\"wp-block-paragraph\"><strong>Gab es beim Kader Ver\u00e4nderungen zur letzten Saison?<\/strong><\/p>\n\n\n\n<p class=\"wp-block-paragraph\">Insgesamt konnten wir unseren Kader gut zusammenhalten.&nbsp;Besonders wichtig sind hier unsere langj\u00e4hrigen S\u00e4ulen wie Kai R\u00f6sch,&nbsp;Constatin Bulibasa&nbsp;und andere. Leider mussten wir uns aber von Marcel Flick&nbsp;verabschieden. Er hat sich f\u00fcr die kommende Runde der SG Weilimdorf&nbsp;und ihrem Abenteuer Bundesliga angeschlossen.&nbsp;Diese L\u00fccke k\u00f6nnen wir aber mit eigenen Sportlern&nbsp;decken. Neu im Kader ist daf\u00fcr&nbsp;Daniel Sandu. Er kommt aus Rum\u00e4nien&nbsp;und ist&nbsp;dort&nbsp;Teil&nbsp;der Nationalmannschaft. Im Nachwuchsbereich konnte er einige&nbsp;internationale Medaillen gewinnen und schlie\u00dft in der Gewichtsklasse&nbsp;bis 66 Kilogramm Freistil eine L\u00fccke.&nbsp;Daneben&nbsp;wollen wir weiterhin unsere Nachwuchssportler in den Aktivenkader integrieren.<\/p>\n\n\n\n<p class=\"wp-block-paragraph\"><strong>Die letzten Runden wurden allesamt&nbsp;<\/strong><strong>im Mittelfeld der Tabelle beendet.&nbsp;<\/strong><strong>Mit welchen Erwartungen gehen&nbsp;<\/strong><strong>Sie in die neue Saison<\/strong><strong>?<\/strong><\/p>\n\n\n\n<p class=\"wp-block-paragraph\">Das ist auch dieses Jahr wieder der Anspruch.&nbsp;Wir&nbsp;sind in Ehningen sehr stolz auf unser&nbsp;ruhiges,&nbsp;aber sehr verl\u00e4ssliches&nbsp;Vereinsumfeld,&nbsp;mit dem&nbsp;wir uns seit \u00fcber 20 Jahren auf diesem Niveau halten k\u00f6nnen.&nbsp;Abseits davon&nbsp;ist die Liga mit den beiden Aufsteigern R\u00f6hlingen und Aalen sicherlich nicht schw\u00e4cher geworden. Auch der SC Korb hat sich mit dem SV Fellbach&nbsp;zur KG Rems-L\u00f6wen&nbsp;zusammengeschlossen, damit haben sie Zugriff auf einen noch breiteren Kader.&nbsp;An der Tabellenspitze sehe ich&nbsp;den Aufsteiger Aalen&nbsp;zusammen mitWinzeln&nbsp;und unseren Auftaktgegner Aichhalden.&nbsp;Aichhalden und Winzeln&nbsp;haben&nbsp;im&nbsp;letzten&nbsp;Jahr beide knapp den Aufstieg verpasst. Das&nbsp;wollen&nbsp;die beiden Mannschaften&nbsp;jetzt sicherlich nachholen.&nbsp;Unsere Einstellung bleibt: In jedem Kampf alles geben und auch vor vermeintlichen&nbsp;Favoriten nicht zur\u00fcckschrecken.<\/p>\n\n\n\n<p class=\"wp-block-paragraph\"><strong>Sie haben es gesagt, zum Auftakt treffen sie auf den AB Aichhalden<\/strong><strong>. Worauf k\u00f6nnen sich die Ausw\u00e4rtsfahrer freuen?<\/strong><\/p>\n\n\n\n<p class=\"wp-block-paragraph\">Da steht direkt ein echter Brocken&nbsp;an. Die Aichhaldener&nbsp;haben traditionell ein&nbsp;starkes Fundament mit einigen Topathleten.&nbsp;Dazu kommt&nbsp;das lautstarke Heimpublikum.&nbsp;Ich&nbsp;rechne&nbsp;abermit einem engen Kampf, wo es besonders auf die Schl\u00fcsselk\u00e4mpfe in den mittleren Gewichtsklassen ankommen wird.&nbsp;Bis 75 Kilogramm&nbsp;griechisch-r\u00f6misch waren letztes Jahr beispielsweise&nbsp;zwei enge und packende K\u00e4mpfe.&nbsp;Ein Mannschaftspunkt in die eine oder andere Richtung&nbsp;macht da oft einen gro\u00dfen Unterschied.&nbsp;<\/p>\n\n\n\n<p class=\"wp-block-paragraph\"><strong>Zum Schluss noch<\/strong><strong>&nbsp;ein Blick auf die&nbsp;<\/strong><strong>zweite Mannschaft in der Landesklasse<\/strong><strong>, hier gab es eine Umstell<\/strong><strong>ung der Ligeneinteilung.&nbsp;<\/strong><strong>Wie sieht diese aus?<\/strong><\/p>\n\n\n\n<p class=\"wp-block-paragraph\">Diese \u00c4nderung kommt uns sehr entgegen: Die Liga ist&nbsp;jetzt in zwei Staffeln geteilt, wobei in unserer&nbsp;Staffel alle Zweitvertretungen der Oberligateams zusammengefasst sind. Das verspricht viele gemeinsame&nbsp;Kampfabende f\u00fcr unsere beiden Mannschaften mit&nbsp;Vor-&nbsp;und Hauptkampf gegen denselben Verein.&nbsp;Neben der gegenseitigen Unterst\u00fctzung am Mattenrand&nbsp;erhoffen wir uns vor allem auch viele&nbsp;Ausw\u00e4rtsfahrer, die noch mehr Stimmung in die Hallen bringen.&nbsp;Sportlich hat unser Coach&nbsp;Marc Luithle&nbsp;viel Zeit in unsere&nbsp;Zweite&nbsp;investiert, um&nbsp;sie weiter an die Tabellenspitze zu bringen. F\u00fcr sie beginnt die Saison aber erst etwas sp\u00e4ter, n\u00e4mlich&nbsp;am 19. September&nbsp;ausw\u00e4rts&nbsp;gegen den KSV Neckarweihingen.<\/p>\n\n\n\n<p class=\"wp-block-paragraph\"><strong>Herzlichen Dank f\u00fcr das Interview!<\/strong><\/p>\n","protected":false},"excerpt":{"rendered":"<p>Vor dem Saisonauftakt&nbsp;in der Oberliga W\u00fcrttemberg konnten wir mit dem Sportlichen Leiter&nbsp;der Ringer des TSV Ehningen&nbsp;Fabian Bendl&nbsp;\u00fcber&nbsp;seine Einsch\u00e4tzungen und Erwartungen&nbsp;sprechen.&nbsp;Am Samstag um&nbsp;20&nbsp;Uhr treffen sie ausw\u00e4rts auf den AB Aichhalden. Das Interview f\u00fchrte Henri Schimmer. Fabian&nbsp;Bendl,&nbsp;im letzten Kampf der vergangenen Saison konnte der TSV Herbrechtingen, der zu diesem Zeitpunkt schon als Aufsteiger feststand,&nbsp;in einem denkw\u00fcrdigen Saisonfinale &hellip; <\/p>\n<p class=\"link-more\"><a href=\"https:\/\/tsv-ehningen-ringen.de\/index.php\/2026\/09\/04\/startschuss-zur-neuen-runde-ehninger-ringer-starten-gegen-den-ab-aichhalden-in-die-oberligasaison\/\" class=\"more-link\"><span class=\"screen-reader-text\">\u201eStartschuss zur neuen\u00a0Runde: Ehninger Ringer\u00a0starten gegen\u00a0den\u00a0AB Aichhalden\u00a0in die\u00a0Oberligasaison\u201c<\/span> weiterlesen<\/a><\/p>\n","protected":false},"author":1,"featured_media":0,"comment_status":"closed","ping_status":"closed","sticky":false,"template":"","format":"standard","meta":{"footnotes":""},"categories":[1],"tags":[],"class_list":["post-1192","post","type-post","status-publish","format-standard","hentry","category-uncategorized"],"_links":{"self":[{"href":"https:\/\/tsv-ehningen-ringen.de\/index.php\/wp-json\/wp\/v2\/posts\/1192","targetHints":{"allow":["GET"]}}],"collection":[{"href":"https:\/\/tsv-ehningen-ringen.de\/index.php\/wp-json\/wp\/v2\/posts"}],"about":[{"href":"https:\/\/tsv-ehningen-ringen.de\/index.php\/wp-json\/wp\/v2\/types\/post"}],"author":[{"embeddable":true,"href":"https:\/\/tsv-ehningen-ringen.de\/index.php\/wp-json\/wp\/v2\/users\/1"}],"replies":[{"embeddable":true,"href":"https:\/\/tsv-ehningen-ringen.de\/index.php\/wp-json\/wp\/v2\/comments?post=1192"}],"version-history":[{"count":1,"href":"https:\/\/tsv-ehningen-ringen.de\/index.php\/wp-json\/wp\/v2\/posts\/1192\/revisions"}],"predecessor-version":[{"id":1193,"href":"https:\/\/tsv-ehningen-ringen.de\/index.php\/wp-json\/wp\/v2\/posts\/1192\/revisions\/1193"}],"wp:attachment":[{"href":"https:\/\/tsv-ehningen-ringen.de\/index.php\/wp-json\/wp\/v2\/media?parent=1192"}],"wp:term":[{"taxonomy":"category","embeddable":true,"href":"https:\/\/tsv-ehningen-ringen.de\/index.php\/wp-json\/wp\/v2\/categories?post=1192"},{"taxonomy":"post_tag","embeddable":true,"href":"https:\/\/tsv-ehningen-ringen.de\/index.php\/wp-json\/wp\/v2\/tags?post=1192"}],"curies":[{"name":"wp","href":"https:\/\/api.w.org\/{rel}","templated":true}]}}